{"id":1899,"date":"2013-07-09T21:09:00","date_gmt":"2013-07-09T19:09:00","guid":{"rendered":"https:\/\/www.fotolabmoderna.it\/wordpress\/?p=1899"},"modified":"2013-07-09T21:09:00","modified_gmt":"2013-07-09T19:09:00","slug":"ilford-in-difficolta-ma-non-sul-settore-della-fotografia-analogica","status":"publish","type":"post","link":"https:\/\/www.fotolabmoderna.it\/wordpress\/2013\/07\/ilford-in-difficolta-ma-non-sul-settore-della-fotografia-analogica\/","title":{"rendered":"Ilford in difficolt\u00e0, ma non sul settore della fotografia analogica"},"content":{"rendered":"<div style=\"clear: both; text-align: center;\"><\/div>\n<div style=\"clear: both; text-align: center;\"><\/div>\n<div style=\"clear: both; text-align: center;\"><\/div>\n<h3 itemprop=\"description\">La ILFORD Imaging Switzerland  GmbH si trova in difficolt\u00e0 economiche, ma senza ricadute sulla ILFORD  Photo e quindi sul settore della fotografia analogica<\/h3>\n<p><\/p>\n<div style=\"clear: both; text-align: center;\"><a href=\"http:\/\/1.bp.blogspot.com\/-QGPPxRjAILM\/UdxsSfIu-qI\/AAAAAAAABHo\/CTX1bWtQu0Y\/s1600\/Ilford-586x425.jpg\" style=\"margin-left: 1em; margin-right: 1em;\"><img loading=\"lazy\" decoding=\"async\" border=\"0\" height=\"464\" src=\"http:\/\/1.bp.blogspot.com\/-QGPPxRjAILM\/UdxsSfIu-qI\/AAAAAAAABHo\/CTX1bWtQu0Y\/s640\/Ilford-586x425.jpg\" width=\"640\" \/>&nbsp;<\/a><\/div>\n<div style=\"clear: both; text-align: center;\">&nbsp;<strong>Ilford<\/strong> \u00e8 uno dei nomi storici della <strong>fotografia analogica<\/strong>. \u00c8 stata fondata nel lontanissimo 1879 da <strong>Alfred Harman<\/strong>, che a quel tempo produceva <strong>lastre al collodio umido<\/strong>.  Con il passare degli anni e con l\u2019evoluzione tecnica della fotografia  la ILFORD ha continuato e continua tutt\u2019oggi a produrre eccellenti  prodotti. <\/div>\n<p><\/p>\n<div>L\u2019azienda \u00e8 per\u00f2 oggi suddivisa in due grandi linee: la <a href=\"http:\/\/www.ilfordphoto.com\/\" target=\"_blank\" rel=\"noopener\">ILFORD Photo<\/a> che produce materiale per la fotografia analogica, di propriet\u00e0 di  Harman technology Ltd e con sede a Mobberley nel Regno Unito, e la <a href=\"http:\/\/www.ilford.com\/\" target=\"_blank\" rel=\"noopener\">ILFORD Imaging Switzerland GmbH<\/a> che produce materiale per la stampa digitale, di propriet\u00e0 di Paradigm  Global Partners LLP e con sede a Marly in Svizzera. Proprio quest\u2019ultima  si <strong>trova in difficolt\u00e0<\/strong>, dato che ha dovuto comunicare alle autorit\u00e0 di <strong>non disporre della liquidit\u00e0 necessaria per pagare lo stipendio<\/strong> di Giugno ai suoi 220 dipendenti.<\/div>\n<div>Ovviamente siamo ancora ben lontani dal parlare di  bancarotta, ma l\u2019azienda \u00e8 alla ricerca di nuovi investitori. Queste le  parole del CEO della societ\u00e0, Paul Willem:<\/div>\n<blockquote><p>Ilford \u00e8 attualmente in una fase di ripresa, che richiede  investimenti. Ma il nostro azionista non \u00e8 in grado di sostenerci, e  vuole ritirarsi.<\/p><\/blockquote>\n<p>Si riferisce all\u2019azienda britannica Paradigm Global Partners, che  viene accusata fortemente dai dipendenti che vedono a rischio il proprio  lavoro. Queste le parole di Yves Tricot, presidente dell\u2019associazione  dei dipendenti: <\/p>\n<blockquote><p>Questo caso dimostra ancora una volta la mancanza di  responsabilit\u00e0 degli investitori stranieri nei confronti dei dipendenti  che hanno lavorato sodo per molti anni al fine di cercare di salvare la  loro azienda.<\/p><\/blockquote>\n<p>Ma tutta questa situazione non ricade minimamente sulla ILFORD Photo, che <a href=\"http:\/\/www.ilfordphoto.com\/aboutus\/page.asp?n=23\" target=\"_blank\" rel=\"noopener\">dichiara sul proprio sito di essere un\u2019azienda separata<\/a> dalla sua sorella con sede in Svizzera. Quindi per una volta tanto \u00e8 il digitale ad essere in difficolt\u00e0, non l\u2019analogico.<br \/>tratto da clik blog<\/p>\n","protected":false},"excerpt":{"rendered":"<p>La ILFORD Imaging Switzerland GmbH si trova in difficolt\u00e0 economiche, ma senza ricadute sulla ILFORD Photo e quindi sul settore della fotografia analogica &nbsp; &nbsp;Ilford \u00e8 uno dei nomi storici della fotografia analogica. \u00c8 stata fondata nel lontanissimo 1879 da<\/p>\n","protected":false},"author":1,"featured_media":0,"comment_status":"open","ping_status":"closed","sticky":false,"template":"","format":"standard","meta":{"footnotes":""},"categories":[13,24,29],"tags":[],"class_list":["post-1899","post","type-post","status-publish","format-standard","hentry","category-foto","category-novita","category-pellicole"],"_links":{"self":[{"href":"https:\/\/www.fotolabmoderna.it\/wordpress\/wp-json\/wp\/v2\/posts\/1899","targetHints":{"allow":["GET"]}}],"collection":[{"href":"https:\/\/www.fotolabmoderna.it\/wordpress\/wp-json\/wp\/v2\/posts"}],"about":[{"href":"https:\/\/www.fotolabmoderna.it\/wordpress\/wp-json\/wp\/v2\/types\/post"}],"author":[{"embeddable":true,"href":"https:\/\/www.fotolabmoderna.it\/wordpress\/wp-json\/wp\/v2\/users\/1"}],"replies":[{"embeddable":true,"href":"https:\/\/www.fotolabmoderna.it\/wordpress\/wp-json\/wp\/v2\/comments?post=1899"}],"version-history":[{"count":0,"href":"https:\/\/www.fotolabmoderna.it\/wordpress\/wp-json\/wp\/v2\/posts\/1899\/revisions"}],"wp:attachment":[{"href":"https:\/\/www.fotolabmoderna.it\/wordpress\/wp-json\/wp\/v2\/media?parent=1899"}],"wp:term":[{"taxonomy":"category","embeddable":true,"href":"https:\/\/www.fotolabmoderna.it\/wordpress\/wp-json\/wp\/v2\/categories?post=1899"},{"taxonomy":"post_tag","embeddable":true,"href":"https:\/\/www.fotolabmoderna.it\/wordpress\/wp-json\/wp\/v2\/tags?post=1899"}],"curies":[{"name":"wp","href":"https:\/\/api.w.org\/{rel}","templated":true}]}}